{"id":305,"date":"2023-01-01T22:31:17","date_gmt":"2023-01-01T21:31:17","guid":{"rendered":"https:\/\/web.gruene-zug.ch\/muster\/?p=305"},"modified":"2023-01-01T22:34:57","modified_gmt":"2023-01-01T21:34:57","slug":"alg-kanton-zug-neues-co-praesidium-gewaehlt","status":"publish","type":"post","link":"https:\/\/web.gruene-zug.ch\/muster\/blog\/news\/alg-kanton-zug-neues-co-praesidium-gewaehlt","title":{"rendered":"ALG Kanton Zug: Neues Co-Pr\u00e4sidium gew\u00e4hlt"},"content":{"rendered":"","protected":false},"excerpt":{"rendered":"","protected":false},"author":4,"featured_media":0,"comment_status":"closed","ping_status":"closed","sticky":false,"template":"single_press_release.php","format":"standard","meta":{"_acf_changed":false,"inline_featured_image":false,"footnotes":""},"categories":[5,4],"tags":[36,41,40,39,37,42,44,43,34,38,35],"class_list":["post-305","post","type-post","status-publish","format-standard","hentry","category-mm","category-news","tag-36","tag-alg","tag-alternative-die-gruenen-kanton-zug","tag-erfahren","tag-mitgliederversammlung","tag-news","tag-parteibasis","tag-politik","tag-praesidium","tag-vielseitig","tag-wahl"],"acf":[],"yoast_head":"<!-- This site is optimized with the Yoast SEO plugin v26.9 - https:\/\/yoast.com\/product\/yoast-seo-wordpress\/ -->\n<title>ALG Kanton Zug: Neues Co-Pr\u00e4sidium gew\u00e4hlt - Musterseite<\/title>\n<meta name=\"description\" content=\"An der gestrigen Mitgliederversammlung w\u00e4hlte die Parteibasis der Alternative \u2013 die Gr\u00fcnen Kanton Zug ein neues Pr\u00e4sidium. Als Nachfolge von Andreas Lustenberger und Esther Haas, wurde ein Co-Pr\u00e4sidium bestehend aus dem Zuger Luzian Franzini und der Unter\u00e4gerin Trix Gubser glanzvoll im ersten Wahlgang gew\u00e4hlt.\" \/>\n<meta name=\"robots\" content=\"index, follow, max-snippet:-1, max-image-preview:large, max-video-preview:-1\" \/>\n<link rel=\"canonical\" href=\"https:\/\/web.gruene-zug.ch\/muster\/blog\/news\/alg-kanton-zug-neues-co-praesidium-gewaehlt\" \/>\n<meta property=\"og:locale\" content=\"de_DE\" \/>\n<meta property=\"og:type\" content=\"article\" \/>\n<meta property=\"og:title\" content=\"ALG Kanton Zug: Neues Co-Pr\u00e4sidium gew\u00e4hlt - Musterseite\" \/>\n<meta property=\"og:description\" content=\"An der gestrigen Mitgliederversammlung w\u00e4hlte die Parteibasis der Alternative \u2013 die Gr\u00fcnen Kanton Zug ein neues Pr\u00e4sidium. Als \u2026\" \/>\n<meta property=\"og:url\" content=\"https:\/\/web.gruene-zug.ch\/muster\/blog\/news\/alg-kanton-zug-neues-co-praesidium-gewaehlt\" \/>\n<meta property=\"og:site_name\" content=\"Musterseite\" \/>\n<meta property=\"article:publisher\" content=\"https:\/\/www.facebook.com\/AlternativeZug\" \/>\n<meta property=\"article:published_time\" content=\"2023-01-01T21:31:17+00:00\" \/>\n<meta property=\"article:modified_time\" content=\"2023-01-01T21:34:57+00:00\" \/>\n<meta name=\"author\" content=\"marvinaelen\" \/>\n<meta name=\"twitter:card\" content=\"summary_large_image\" \/>\n<meta name=\"twitter:creator\" content=\"@AlternativeZG\" \/>\n<meta name=\"twitter:site\" content=\"@AlternativeZG\" \/>\n<meta name=\"twitter:label1\" content=\"Verfasst von\" \/>\n\t<meta name=\"twitter:data1\" content=\"marvinaelen\" \/>\n<script type=\"application\/ld+json\" class=\"yoast-schema-graph\">{\"@context\":\"https:\/\/schema.org\",\"@graph\":[{\"@type\":\"Article\",\"@id\":\"https:\/\/web.gruene-zug.ch\/muster\/blog\/news\/alg-kanton-zug-neues-co-praesidium-gewaehlt#article\",\"isPartOf\":{\"@id\":\"https:\/\/web.gruene-zug.ch\/muster\/blog\/news\/alg-kanton-zug-neues-co-praesidium-gewaehlt\"},\"author\":{\"name\":\"marvinaelen\",\"@id\":\"https:\/\/web.gruene-zug.ch\/muster\/#\/schema\/person\/017ad5f25308fd6bd724771678c3ac7c\"},\"headline\":\"ALG Kanton Zug: Neues Co-Pr\u00e4sidium gew\u00e4hlt\",\"datePublished\":\"2023-01-01T21:31:17+00:00\",\"dateModified\":\"2023-01-01T21:34:57+00:00\",\"mainEntityOfPage\":{\"@id\":\"https:\/\/web.gruene-zug.ch\/muster\/blog\/news\/alg-kanton-zug-neues-co-praesidium-gewaehlt\"},\"wordCount\":8,\"publisher\":{\"@id\":\"https:\/\/web.gruene-zug.ch\/muster\/#organization\"},\"keywords\":[\"2023\",\"ALG\",\"Alternative - die Gr\u00fcnen Kanton Zug\",\"Erfahren\",\"Mitgliederversammlung\",\"News\",\"Parteibasis\",\"Politik\",\"Pr\u00e4sidium\",\"Vielseitig\",\"Wahl\"],\"articleSection\":[\"Medienmitteilungen\",\"News\"],\"inLanguage\":\"de\"},{\"@type\":\"WebPage\",\"@id\":\"https:\/\/web.gruene-zug.ch\/muster\/blog\/news\/alg-kanton-zug-neues-co-praesidium-gewaehlt\",\"url\":\"https:\/\/web.gruene-zug.ch\/muster\/blog\/news\/alg-kanton-zug-neues-co-praesidium-gewaehlt\",\"name\":\"ALG Kanton Zug: Neues Co-Pr\u00e4sidium gew\u00e4hlt - Musterseite\",\"isPartOf\":{\"@id\":\"https:\/\/web.gruene-zug.ch\/muster\/#website\"},\"datePublished\":\"2023-01-01T21:31:17+00:00\",\"dateModified\":\"2023-01-01T21:34:57+00:00\",\"description\":\"An der gestrigen Mitgliederversammlung w\u00e4hlte die Parteibasis der Alternative \u2013 die Gr\u00fcnen Kanton Zug ein neues Pr\u00e4sidium. Als Nachfolge von Andreas Lustenberger und Esther Haas, wurde ein Co-Pr\u00e4sidium bestehend aus dem Zuger Luzian Franzini und der Unter\u00e4gerin Trix Gubser glanzvoll im ersten Wahlgang gew\u00e4hlt.\",\"breadcrumb\":{\"@id\":\"https:\/\/web.gruene-zug.ch\/muster\/blog\/news\/alg-kanton-zug-neues-co-praesidium-gewaehlt#breadcrumb\"},\"inLanguage\":\"de\",\"potentialAction\":[{\"@type\":\"ReadAction\",\"target\":[\"https:\/\/web.gruene-zug.ch\/muster\/blog\/news\/alg-kanton-zug-neues-co-praesidium-gewaehlt\"]}]},{\"@type\":\"BreadcrumbList\",\"@id\":\"https:\/\/web.gruene-zug.ch\/muster\/blog\/news\/alg-kanton-zug-neues-co-praesidium-gewaehlt#breadcrumb\",\"itemListElement\":[{\"@type\":\"ListItem\",\"position\":1,\"name\":\"Startseite\",\"item\":\"https:\/\/web.gruene-zug.ch\/muster\/\"},{\"@type\":\"ListItem\",\"position\":2,\"name\":\"Aktuell\",\"item\":\"https:\/\/web.gruene-zug.ch\/muster\/aktuell#menu-item-51\"},{\"@type\":\"ListItem\",\"position\":3,\"name\":\"News\",\"item\":\"https:\/\/web.gruene-zug.ch\/muster\/blog\/category\/news\"},{\"@type\":\"ListItem\",\"position\":4,\"name\":\"ALG Kanton Zug: Neues Co-Pr\u00e4sidium gew\u00e4hlt\"}]},{\"@type\":\"WebSite\",\"@id\":\"https:\/\/web.gruene-zug.ch\/muster\/#website\",\"url\":\"https:\/\/web.gruene-zug.ch\/muster\/\",\"name\":\"Musterseite\",\"description\":\"Alternative &ndash; die GR\u00dcNEN Zug\",\"publisher\":{\"@id\":\"https:\/\/web.gruene-zug.ch\/muster\/#organization\"},\"potentialAction\":[{\"@type\":\"SearchAction\",\"target\":{\"@type\":\"EntryPoint\",\"urlTemplate\":\"https:\/\/web.gruene-zug.ch\/muster\/?s={search_term_string}\"},\"query-input\":{\"@type\":\"PropertyValueSpecification\",\"valueRequired\":true,\"valueName\":\"search_term_string\"}}],\"inLanguage\":\"de\"},{\"@type\":\"Organization\",\"@id\":\"https:\/\/web.gruene-zug.ch\/muster\/#organization\",\"name\":\"Musterseite\",\"url\":\"https:\/\/web.gruene-zug.ch\/muster\/\",\"logo\":{\"@type\":\"ImageObject\",\"inLanguage\":\"de\",\"@id\":\"https:\/\/web.gruene-zug.ch\/muster\/#\/schema\/logo\/image\/\",\"url\":\"https:\/\/web.gruene-zug.ch\/muster\/wp-content\/uploads\/sites\/2\/2022\/11\/alternative-dark.svg\",\"contentUrl\":\"https:\/\/web.gruene-zug.ch\/muster\/wp-content\/uploads\/sites\/2\/2022\/11\/alternative-dark.svg\",\"width\":1200,\"height\":320,\"caption\":\"Musterseite\"},\"image\":{\"@id\":\"https:\/\/web.gruene-zug.ch\/muster\/#\/schema\/logo\/image\/\"},\"sameAs\":[\"https:\/\/www.facebook.com\/AlternativeZug\",\"https:\/\/x.com\/AlternativeZG\"]},{\"@type\":\"Person\",\"@id\":\"https:\/\/web.gruene-zug.ch\/muster\/#\/schema\/person\/017ad5f25308fd6bd724771678c3ac7c\",\"name\":\"marvinaelen\",\"image\":{\"@type\":\"ImageObject\",\"inLanguage\":\"de\",\"@id\":\"https:\/\/web.gruene-zug.ch\/muster\/#\/schema\/person\/image\/\",\"url\":\"https:\/\/secure.gravatar.com\/avatar\/2a9cf56be90667bb602e89d33e406e181204d199de633fe67532b537997e1fa0?s=96&d=mm&r=g\",\"contentUrl\":\"https:\/\/secure.gravatar.com\/avatar\/2a9cf56be90667bb602e89d33e406e181204d199de633fe67532b537997e1fa0?s=96&d=mm&r=g\",\"caption\":\"marvinaelen\"}}]}<\/script>\n<!-- \/ Yoast SEO plugin. -->","yoast_head_json":{"title":"ALG Kanton Zug: Neues Co-Pr\u00e4sidium gew\u00e4hlt - Musterseite","description":"An der gestrigen Mitgliederversammlung w\u00e4hlte die Parteibasis der Alternative \u2013 die Gr\u00fcnen Kanton Zug ein neues Pr\u00e4sidium. Als Nachfolge von Andreas Lustenberger und Esther Haas, wurde ein Co-Pr\u00e4sidium bestehend aus dem Zuger Luzian Franzini und der Unter\u00e4gerin Trix Gubser glanzvoll im ersten Wahlgang gew\u00e4hlt.","robots":{"index":"index","follow":"follow","max-snippet":"max-snippet:-1","max-image-preview":"max-image-preview:large","max-video-preview":"max-video-preview:-1"},"canonical":"https:\/\/web.gruene-zug.ch\/muster\/blog\/news\/alg-kanton-zug-neues-co-praesidium-gewaehlt","og_locale":"de_DE","og_type":"article","og_title":"ALG Kanton Zug: Neues Co-Pr\u00e4sidium gew\u00e4hlt - Musterseite","og_description":"An der gestrigen Mitgliederversammlung w\u00e4hlte die Parteibasis der Alternative \u2013 die Gr\u00fcnen Kanton Zug ein neues Pr\u00e4sidium. Als \u2026","og_url":"https:\/\/web.gruene-zug.ch\/muster\/blog\/news\/alg-kanton-zug-neues-co-praesidium-gewaehlt","og_site_name":"Musterseite","article_publisher":"https:\/\/www.facebook.com\/AlternativeZug","article_published_time":"2023-01-01T21:31:17+00:00","article_modified_time":"2023-01-01T21:34:57+00:00","author":"marvinaelen","twitter_card":"summary_large_image","twitter_creator":"@AlternativeZG","twitter_site":"@AlternativeZG","twitter_misc":{"Verfasst von":"marvinaelen"},"schema":{"@context":"https:\/\/schema.org","@graph":[{"@type":"Article","@id":"https:\/\/web.gruene-zug.ch\/muster\/blog\/news\/alg-kanton-zug-neues-co-praesidium-gewaehlt#article","isPartOf":{"@id":"https:\/\/web.gruene-zug.ch\/muster\/blog\/news\/alg-kanton-zug-neues-co-praesidium-gewaehlt"},"author":{"name":"marvinaelen","@id":"https:\/\/web.gruene-zug.ch\/muster\/#\/schema\/person\/017ad5f25308fd6bd724771678c3ac7c"},"headline":"ALG Kanton Zug: Neues Co-Pr\u00e4sidium gew\u00e4hlt","datePublished":"2023-01-01T21:31:17+00:00","dateModified":"2023-01-01T21:34:57+00:00","mainEntityOfPage":{"@id":"https:\/\/web.gruene-zug.ch\/muster\/blog\/news\/alg-kanton-zug-neues-co-praesidium-gewaehlt"},"wordCount":8,"publisher":{"@id":"https:\/\/web.gruene-zug.ch\/muster\/#organization"},"keywords":["2023","ALG","Alternative - die Gr\u00fcnen Kanton Zug","Erfahren","Mitgliederversammlung","News","Parteibasis","Politik","Pr\u00e4sidium","Vielseitig","Wahl"],"articleSection":["Medienmitteilungen","News"],"inLanguage":"de"},{"@type":"WebPage","@id":"https:\/\/web.gruene-zug.ch\/muster\/blog\/news\/alg-kanton-zug-neues-co-praesidium-gewaehlt","url":"https:\/\/web.gruene-zug.ch\/muster\/blog\/news\/alg-kanton-zug-neues-co-praesidium-gewaehlt","name":"ALG Kanton Zug: Neues Co-Pr\u00e4sidium gew\u00e4hlt - Musterseite","isPartOf":{"@id":"https:\/\/web.gruene-zug.ch\/muster\/#website"},"datePublished":"2023-01-01T21:31:17+00:00","dateModified":"2023-01-01T21:34:57+00:00","description":"An der gestrigen Mitgliederversammlung w\u00e4hlte die Parteibasis der Alternative \u2013 die Gr\u00fcnen Kanton Zug ein neues Pr\u00e4sidium. Als Nachfolge von Andreas Lustenberger und Esther Haas, wurde ein Co-Pr\u00e4sidium bestehend aus dem Zuger Luzian Franzini und der Unter\u00e4gerin Trix Gubser glanzvoll im ersten Wahlgang gew\u00e4hlt.","breadcrumb":{"@id":"https:\/\/web.gruene-zug.ch\/muster\/blog\/news\/alg-kanton-zug-neues-co-praesidium-gewaehlt#breadcrumb"},"inLanguage":"de","potentialAction":[{"@type":"ReadAction","target":["https:\/\/web.gruene-zug.ch\/muster\/blog\/news\/alg-kanton-zug-neues-co-praesidium-gewaehlt"]}]},{"@type":"BreadcrumbList","@id":"https:\/\/web.gruene-zug.ch\/muster\/blog\/news\/alg-kanton-zug-neues-co-praesidium-gewaehlt#breadcrumb","itemListElement":[{"@type":"ListItem","position":1,"name":"Startseite","item":"https:\/\/web.gruene-zug.ch\/muster\/"},{"@type":"ListItem","position":2,"name":"Aktuell","item":"https:\/\/web.gruene-zug.ch\/muster\/aktuell#menu-item-51"},{"@type":"ListItem","position":3,"name":"News","item":"https:\/\/web.gruene-zug.ch\/muster\/blog\/category\/news"},{"@type":"ListItem","position":4,"name":"ALG Kanton Zug: Neues Co-Pr\u00e4sidium gew\u00e4hlt"}]},{"@type":"WebSite","@id":"https:\/\/web.gruene-zug.ch\/muster\/#website","url":"https:\/\/web.gruene-zug.ch\/muster\/","name":"Musterseite","description":"Alternative &ndash; die GR\u00dcNEN Zug","publisher":{"@id":"https:\/\/web.gruene-zug.ch\/muster\/#organization"},"potentialAction":[{"@type":"SearchAction","target":{"@type":"EntryPoint","urlTemplate":"https:\/\/web.gruene-zug.ch\/muster\/?s={search_term_string}"},"query-input":{"@type":"PropertyValueSpecification","valueRequired":true,"valueName":"search_term_string"}}],"inLanguage":"de"},{"@type":"Organization","@id":"https:\/\/web.gruene-zug.ch\/muster\/#organization","name":"Musterseite","url":"https:\/\/web.gruene-zug.ch\/muster\/","logo":{"@type":"ImageObject","inLanguage":"de","@id":"https:\/\/web.gruene-zug.ch\/muster\/#\/schema\/logo\/image\/","url":"https:\/\/web.gruene-zug.ch\/muster\/wp-content\/uploads\/sites\/2\/2022\/11\/alternative-dark.svg","contentUrl":"https:\/\/web.gruene-zug.ch\/muster\/wp-content\/uploads\/sites\/2\/2022\/11\/alternative-dark.svg","width":1200,"height":320,"caption":"Musterseite"},"image":{"@id":"https:\/\/web.gruene-zug.ch\/muster\/#\/schema\/logo\/image\/"},"sameAs":["https:\/\/www.facebook.com\/AlternativeZug","https:\/\/x.com\/AlternativeZG"]},{"@type":"Person","@id":"https:\/\/web.gruene-zug.ch\/muster\/#\/schema\/person\/017ad5f25308fd6bd724771678c3ac7c","name":"marvinaelen","image":{"@type":"ImageObject","inLanguage":"de","@id":"https:\/\/web.gruene-zug.ch\/muster\/#\/schema\/person\/image\/","url":"https:\/\/secure.gravatar.com\/avatar\/2a9cf56be90667bb602e89d33e406e181204d199de633fe67532b537997e1fa0?s=96&d=mm&r=g","contentUrl":"https:\/\/secure.gravatar.com\/avatar\/2a9cf56be90667bb602e89d33e406e181204d199de633fe67532b537997e1fa0?s=96&d=mm&r=g","caption":"marvinaelen"}}]}},"_links":{"self":[{"href":"https:\/\/web.gruene-zug.ch\/muster\/wp-json\/wp\/v2\/posts\/305","targetHints":{"allow":["GET"]}}],"collection":[{"href":"https:\/\/web.gruene-zug.ch\/muster\/wp-json\/wp\/v2\/posts"}],"about":[{"href":"https:\/\/web.gruene-zug.ch\/muster\/wp-json\/wp\/v2\/types\/post"}],"author":[{"embeddable":true,"href":"https:\/\/web.gruene-zug.ch\/muster\/wp-json\/wp\/v2\/users\/4"}],"replies":[{"embeddable":true,"href":"https:\/\/web.gruene-zug.ch\/muster\/wp-json\/wp\/v2\/comments?post=305"}],"version-history":[{"count":2,"href":"https:\/\/web.gruene-zug.ch\/muster\/wp-json\/wp\/v2\/posts\/305\/revisions"}],"predecessor-version":[{"id":308,"href":"https:\/\/web.gruene-zug.ch\/muster\/wp-json\/wp\/v2\/posts\/305\/revisions\/308"}],"wp:attachment":[{"href":"https:\/\/web.gruene-zug.ch\/muster\/wp-json\/wp\/v2\/media?parent=305"}],"wp:term":[{"taxonomy":"category","embeddable":true,"href":"https:\/\/web.gruene-zug.ch\/muster\/wp-json\/wp\/v2\/categories?post=305"},{"taxonomy":"post_tag","embeddable":true,"href":"https:\/\/web.gruene-zug.ch\/muster\/wp-json\/wp\/v2\/tags?post=305"}],"curies":[{"name":"wp","href":"https:\/\/api.w.org\/{rel}","templated":true}]}}